{"id":4146,"date":"2025-10-21T07:10:01","date_gmt":"2025-10-21T07:10:01","guid":{"rendered":"https:\/\/www.alfrescostays.com\/blog\/?p=4146"},"modified":"2025-10-23T10:23:11","modified_gmt":"2025-10-23T10:23:11","slug":"jardin-aguilas-benalmadena","status":"publish","type":"post","link":"https:\/\/www.alfrescostays.com\/blog\/jardin-aguilas-benalmadena\/","title":{"rendered":"El Jard\u00edn de las \u00c1guilas en Benalm\u00e1dena"},"content":{"rendered":"\n<p>En la Costa del Sol hay un lugar muy especial para los amantes de las aves rapaces: el Jard\u00edn de las \u00c1guilas de Benalm\u00e1dena. Como su nombre indica, este parque en la sierra es perfecto para observar aves en un entorno natural precioso, ya que cuenta adem\u00e1s con vistas al mar. Si quieres visitar algo diferente en la Costa del Sol, este puede ser un plan perfecto para toda la familia.<\/p>\n\n\n\n<p>Tanto los m\u00e1s peque\u00f1os como los adultos podr\u00e1n aprender m\u00e1s sobre las especies residentes y divertirse viendo sus incre\u00edbles vuelos. En este art\u00edculo te contaremos todo sobre el Jard\u00edn de las \u00c1guilas: espect\u00e1culos, horarios, consejos y mucho m\u00e1s. \u00a1Sigue leyendo!<\/p>\n\n\n\n<h2 class=\"wp-block-heading\">\u00bfQu\u00e9 es el Jard\u00edn de las \u00c1guilas?<\/h2>\n\n\n\n<p>En el Monte Calamorro, a m\u00e1s de 700 metros de altitud, encontrar\u00e1s el Jard\u00edn de las \u00c1guilas de Benalm\u00e1dena, un centro de divulgaci\u00f3n y conservaci\u00f3n de aves rapaces, que tambi\u00e9n realiza espect\u00e1culos que ayudan a financiar los esfuerzos del parque. Visitar este lugar tiene muchos atractivos: las vistas al Mediterr\u00e1neo desde las alturas y el trayecto en el telef\u00e9rico de Benalm\u00e1dena, una subida de 15 minutos que ofrece una forma \u00fanica de <a href=\"https:\/\/www.alfrescostays.com\/blog\/que-ver-benalmadena-malaga\/\">descubrir la regi\u00f3n<\/a>.<\/p>\n\n\n\n<p>El Jard\u00edn de las \u00c1guilas est\u00e1 abierto desde 1995 y tiene como objetivo proteger los animales y dar a conocer su vida y las amenazas a su existencia, para generar conciencia social sobre estos problemas. En el parque podr\u00e1s observar muchas \u00e1guilas, pero tambi\u00e9n buitres, halcones y b\u00fahos, m\u00e1s cerca de lo que suele ser posible en la naturaleza.<\/p>\n\n\n\n<figure class=\"wp-block-image size-large is-resized\"><img fetchpriority=\"high\" decoding=\"async\" width=\"1024\" height=\"684\" src=\"https:\/\/www.alfrescostays.com\/blog\/wp-content\/uploads\/2025\/10\/Espectaculos-jardin-de-las-aguilas-benalmadena-1024x684.webp\" alt=\"\" class=\"wp-image-4154\" style=\"object-fit:cover;width:1200px;height:600px\" srcset=\"https:\/\/www.alfrescostays.com\/blog\/wp-content\/uploads\/2025\/10\/Espectaculos-jardin-de-las-aguilas-benalmadena-1024x684.webp 1024w, https:\/\/www.alfrescostays.com\/blog\/wp-content\/uploads\/2025\/10\/Espectaculos-jardin-de-las-aguilas-benalmadena-300x201.webp 300w, https:\/\/www.alfrescostays.com\/blog\/wp-content\/uploads\/2025\/10\/Espectaculos-jardin-de-las-aguilas-benalmadena-768x513.webp 768w, https:\/\/www.alfrescostays.com\/blog\/wp-content\/uploads\/2025\/10\/Espectaculos-jardin-de-las-aguilas-benalmadena.webp 1360w\" sizes=\"(max-width: 1024px) 100vw, 1024px\" \/><\/figure>\n\n\n\n<h2 class=\"wp-block-heading\">Espect\u00e1culos y aves rapaces del parque<\/h2>\n\n\n\n<p>Lo que no te puedes perder en tu visita al Jard\u00edn de las \u00c1guilas de Benalm\u00e1dena son los espect\u00e1culos de vuelo de los animales: son momentos absolutamente incre\u00edbles, que nos hacen so\u00f1ar con poder volar sobre las monta\u00f1as y disfrutar del aire puro, en total libertad. El escenario de fondo es <a href=\"https:\/\/www.alfrescostays.com\/blog\/vacaciones-benalmadena\/\">Benalm\u00e1dena<\/a> y el mar, lo que hace de esta experiencia algo todav\u00eda m\u00e1s especial. Mientras disfrutas de las exhibiciones, podr\u00e1s aprender mucho sobre estos animales, ya que los cuidadores tienen tambi\u00e9n esa funci\u00f3n pedag\u00f3gica. En resumen, es un planazo para toda la familia.<\/p>\n\n\n\n<p>Podr\u00e1s encontrar varias especies de aves, y te diremos algunos ejemplos: \u00e1guilas reales, las aut\u00e9nticas reinas, por su tama\u00f1o y belleza; los halcones peregrinos, que son los animales m\u00e1s r\u00e1pidos del mundo y asombran con sus vuelos picados; los buitres, que pueden llegar a tener m\u00e1s de 2 metros de envergadura; y los b\u00fahos y lechuzas, que sorprenden por volar en completo silencio. Puedes consultar el listado completo en la <a href=\"https:\/\/www.valledelasaguilasfundacion.com\/\">web oficial del parque<\/a>.<\/p>\n\n\n\n<figure class=\"wp-block-image size-large is-resized\"><img decoding=\"async\" width=\"1024\" height=\"771\" src=\"https:\/\/www.alfrescostays.com\/blog\/wp-content\/uploads\/2025\/10\/Jardin-de-las-Aguilas-costa-del-sol-1024x771.webp\" alt=\"\" class=\"wp-image-4152\" style=\"object-fit:cover;width:1200px;height:600px\" srcset=\"https:\/\/www.alfrescostays.com\/blog\/wp-content\/uploads\/2025\/10\/Jardin-de-las-Aguilas-costa-del-sol-1024x771.webp 1024w, https:\/\/www.alfrescostays.com\/blog\/wp-content\/uploads\/2025\/10\/Jardin-de-las-Aguilas-costa-del-sol-300x226.webp 300w, https:\/\/www.alfrescostays.com\/blog\/wp-content\/uploads\/2025\/10\/Jardin-de-las-Aguilas-costa-del-sol-768x579.webp 768w, https:\/\/www.alfrescostays.com\/blog\/wp-content\/uploads\/2025\/10\/Jardin-de-las-Aguilas-costa-del-sol.webp 1354w\" sizes=\"(max-width: 1024px) 100vw, 1024px\" \/><\/figure>\n\n\n\n<h2 class=\"wp-block-heading\">C\u00f3mo llegar y Horarios del Jard\u00edn de las \u00c1guilas de Benalm\u00e1dena<\/h2>\n\n\n\n<p>Llegar al Jard\u00edn de las \u00c1guilas es muy f\u00e1cil: debes dirigirte a la Avenida del Sol, que est\u00e1 cerca de la <a href=\"https:\/\/www.alfrescostays.com\/blog\/playa-arroyo-miel\/\">Playa Arroyo de la Miel<\/a>, y coger el Telef\u00e9rico de Benalm\u00e1dena. Este medio de transporte est\u00e1 abierto todos los d\u00edas y es la forma m\u00e1s directa de llegar al Jard\u00edn de las \u00c1guilas. Si vienes desde otras zonas de la Costa del Sol, hay varias opciones: desde M\u00e1laga, tardar\u00e1s m\u00e1s o menos 25 minutos en coche, tomando la A-7; si prefieres coger el tren, la l\u00ednea C1 te dejar\u00e1 en Benalm\u00e1dena, donde podr\u00e1s ir en taxi hasta el telef\u00e9rico; tambi\u00e9n hay varias l\u00edneas de autob\u00fas que conectan las principales ciudades de la Costa del Sol con Benalm\u00e1dena.<\/p>\n\n\n\n<p>Los horarios del Jard\u00edn de las \u00c1guilas de Benalm\u00e1dena y sus espect\u00e1culos de aves son los siguientes: 13:00 \u2013 13:30; 14:30 \u2013 15:00; 16:30 \u2013 17:00. Como puedes ver, hay 3 pases diarios todos los d\u00edas, as\u00ed que elige el momento perfecto para ti.<\/p>\n\n\n\n<iframe src=\"https:\/\/www.google.com\/maps\/embed?pb=!1m18!1m12!1m3!1d3202.3702372922553!2d-4.5600437!3d36.617473800000006!2m3!1f0!2f0!3f0!3m2!1i1024!2i768!4f13.1!3m3!1m2!1s0xd72fb52f9d5e401%3A0x103b57446757f2b5!2sFundaci%C3%B3n%20Valle%20de%20las%20%C3%81guilas!5e0!3m2!1ses!2ses!4v1761030370863!5m2!1ses!2ses\" width=\"600\" height=\"450\" style=\"border:0;\" allowfullscreen=\"\" loading=\"lazy\" referrerpolicy=\"no-referrer-when-downgrade\"><\/iframe>\n\n\n\n<h2 class=\"wp-block-heading\">Consejos para la visita con familia o amigos<\/h2>\n\n\n\n<p>Queremos darte algunas recomendaciones pr\u00e1cticas que te ayudar\u00e1n a sacar el m\u00e1ximo partido de tu visita al Jard\u00edn de las \u00c1guilas:<\/p>\n\n\n\n<ul class=\"wp-block-list\">\n<li>Considera el telef\u00e9rico de Benalm\u00e1dena como parte de la visita, es decir, llega con tiempo suficiente para disfrutar del paseo y llegar al parque con antelaci\u00f3n suficiente.<\/li>\n\n\n\n<li>En el Jard\u00edn de las \u00c1guilas suele hacer m\u00e1s fr\u00edo que en Benalm\u00e1dena, as\u00ed que comprueba el tiempo y llevate una chaqueta, si es necesario.<\/li>\n\n\n\n<li>Si tienes tiempo antes o despu\u00e9s de los espect\u00e1culos, aprovecha para pasear por la zona del Monte Calamorro: existen varias rutas de senderismo bien se\u00f1alizadas y vas a poder descubrir miradores con vistas espectaculares.<\/li>\n\n\n\n<li>Es recomendable usar protecci\u00f3n solar, incluso en los d\u00edas nublados, por eso recuerda llevar crema, gafas de sol y gorro.<\/li>\n\n\n\n<li>Si vas a visitar en los meses de temporada alta, es decir, en verano, es importante reservar el alojamiento con antelaci\u00f3n, para aprovechar los mejores precios y encontrar <a href=\"https:\/\/www.alfrescostays.com\/blog\/los-mejores-apartamentos-de-alquiler-en-la-costa-del-sol\/\">las mejores opciones<\/a> para ti y para los tuyos.<\/li>\n<\/ul>\n\n\n\n<h2 class=\"wp-block-heading\">Ven a conocer el Jard\u00edn de las \u00c1guilas<\/h2>\n\n\n\n<p>Aprovecha tu viaje a la magn\u00edfica Costa del Sol para visitar el Jard\u00edn de las \u00c1guilas de Benalm\u00e1dena, un lugar donde toda la familia podr\u00e1 divertirse y aprender mucho sobre la naturaleza y, espec\u00edficamente, sobre las aves rapaces. Su ubicaci\u00f3n en lo alto de la monta\u00f1a es perfecta para disfrutar del contacto con el aire puro y para ver las espectaculares vistas a la costa. S\u00ed, la playa est\u00e1 muy cerca del Jard\u00edn de las \u00c1guilas, as\u00ed que puedes combinar los dos planes.<\/p>\n\n\n\n<p>Para que tu viaje a la Costa del Sol sea perfecto, necesitas un alojamiento con todas las caracter\u00edsticas que te gustan y al mejor precio. En <a href=\"https:\/\/www.alfrescostays.com\/\">Alfresco Stays<\/a> encontrar\u00e1s fant\u00e1sticos apartamentos, con todo el lujo que te mereces, en los mejores lugares de la regi\u00f3n: Benalm\u00e1dena, Mijas Costa, Fuengirola, Marbella y Estepona, entre otros. Elige si quieres piscina, terraza, barbacoa, vistas al mar o un alojamiento pet-friendly y ven a descubrir el Jard\u00edn de las \u00c1guilas en Benalm\u00e1dena y la Costa del Sol. \u00a1Te esperamos!<\/p>\n","protected":false},"excerpt":{"rendered":"<p>En la Costa del Sol hay un lugar muy especial para los amantes de las aves rapaces: el Jard\u00edn de las \u00c1guilas de Benalm\u00e1dena. Como su nombre indica, este parque en la sierra es perfecto para observar aves en un entorno natural precioso, ya que cuenta adem\u00e1s con vistas al mar. Si quieres visitar algo [&hellip;]<\/p>\n","protected":false},"author":3,"featured_media":4149,"comment_status":"closed","ping_status":"closed","sticky":false,"template":"","format":"standard","meta":{"footnotes":""},"categories":[63,37],"tags":[],"class_list":["post-4146","post","type-post","status-publish","format-standard","has-post-thumbnail","hentry","category-benalmadena","category-pueblos-costa-del-sol"],"yoast_head":"<!-- This site is optimized with the Yoast SEO plugin v27.0 - https:\/\/yoast.com\/product\/yoast-seo-wordpress\/ -->\n<title>El Jard\u00edn de las \u00c1guilas en Benalm\u00e1dena - El Blog de la Costa del Sol<\/title>\n<meta name=\"description\" content=\"Descubre el Jard\u00edn de las \u00c1guilas en Benalm\u00e1dena, un espect\u00e1culo natural con aves rapaces y vistas \u00fanicas.\" \/>\n<meta name=\"robots\" content=\"index, follow, max-snippet:-1, max-image-preview:large, max-video-preview:-1\" \/>\n<link rel=\"canonical\" href=\"https:\/\/www.alfrescostays.com\/blog\/jardin-aguilas-benalmadena\/\" \/>\n<meta property=\"og:locale\" content=\"es_ES\" \/>\n<meta property=\"og:type\" content=\"article\" \/>\n<meta property=\"og:title\" content=\"El Jard\u00edn de las \u00c1guilas en Benalm\u00e1dena - El Blog de la Costa del Sol\" \/>\n<meta property=\"og:description\" content=\"Descubre el Jard\u00edn de las \u00c1guilas en Benalm\u00e1dena, un espect\u00e1culo natural con aves rapaces y vistas \u00fanicas.\" \/>\n<meta property=\"og:url\" content=\"https:\/\/www.alfrescostays.com\/blog\/jardin-aguilas-benalmadena\/\" \/>\n<meta property=\"og:site_name\" content=\"El Blog de la Costa del Sol\" \/>\n<meta property=\"article:published_time\" content=\"2025-10-21T07:10:01+00:00\" \/>\n<meta property=\"article:modified_time\" content=\"2025-10-23T10:23:11+00:00\" \/>\n<meta property=\"og:image\" content=\"https:\/\/www.alfrescostays.com\/blog\/wp-content\/uploads\/2025\/10\/Jardin-de-las-Aguilas-benalmadena.jpg\" \/>\n\t<meta property=\"og:image:width\" content=\"1270\" \/>\n\t<meta property=\"og:image:height\" content=\"714\" \/>\n\t<meta property=\"og:image:type\" content=\"image\/jpeg\" \/>\n<meta name=\"author\" content=\"digitalservices@avantio.com\" \/>\n<meta name=\"twitter:card\" content=\"summary_large_image\" \/>\n<meta name=\"twitter:label1\" content=\"Escrito por\" \/>\n\t<meta name=\"twitter:data1\" content=\"digitalservices@avantio.com\" \/>\n\t<meta name=\"twitter:label2\" content=\"Tiempo de lectura\" \/>\n\t<meta name=\"twitter:data2\" content=\"5 minutos\" \/>\n<script type=\"application\/ld+json\" class=\"yoast-schema-graph\">{\"@context\":\"https:\/\/schema.org\",\"@graph\":[{\"@type\":\"Article\",\"@id\":\"https:\/\/www.alfrescostays.com\/blog\/jardin-aguilas-benalmadena\/#article\",\"isPartOf\":{\"@id\":\"https:\/\/www.alfrescostays.com\/blog\/jardin-aguilas-benalmadena\/\"},\"author\":{\"name\":\"digitalservices@avantio.com\",\"@id\":\"https:\/\/www.alfrescostays.com\/blog\/#\/schema\/person\/57258ea6de6e977c7be225cbd8357b4e\"},\"headline\":\"El Jard\u00edn de las \u00c1guilas en Benalm\u00e1dena\",\"datePublished\":\"2025-10-21T07:10:01+00:00\",\"dateModified\":\"2025-10-23T10:23:11+00:00\",\"mainEntityOfPage\":{\"@id\":\"https:\/\/www.alfrescostays.com\/blog\/jardin-aguilas-benalmadena\/\"},\"wordCount\":1049,\"publisher\":{\"@id\":\"https:\/\/www.alfrescostays.com\/blog\/#organization\"},\"image\":{\"@id\":\"https:\/\/www.alfrescostays.com\/blog\/jardin-aguilas-benalmadena\/#primaryimage\"},\"thumbnailUrl\":\"https:\/\/www.alfrescostays.com\/blog\/wp-content\/uploads\/2025\/10\/Jardin-de-las-Aguilas-benalmadena.jpg\",\"articleSection\":[\"Benalm\u00e1dena\",\"Pueblos\"],\"inLanguage\":\"es\"},{\"@type\":\"WebPage\",\"@id\":\"https:\/\/www.alfrescostays.com\/blog\/jardin-aguilas-benalmadena\/\",\"url\":\"https:\/\/www.alfrescostays.com\/blog\/jardin-aguilas-benalmadena\/\",\"name\":\"El Jard\u00edn de las \u00c1guilas en Benalm\u00e1dena - El Blog de la Costa del Sol\",\"isPartOf\":{\"@id\":\"https:\/\/www.alfrescostays.com\/blog\/#website\"},\"primaryImageOfPage\":{\"@id\":\"https:\/\/www.alfrescostays.com\/blog\/jardin-aguilas-benalmadena\/#primaryimage\"},\"image\":{\"@id\":\"https:\/\/www.alfrescostays.com\/blog\/jardin-aguilas-benalmadena\/#primaryimage\"},\"thumbnailUrl\":\"https:\/\/www.alfrescostays.com\/blog\/wp-content\/uploads\/2025\/10\/Jardin-de-las-Aguilas-benalmadena.jpg\",\"datePublished\":\"2025-10-21T07:10:01+00:00\",\"dateModified\":\"2025-10-23T10:23:11+00:00\",\"description\":\"Descubre el Jard\u00edn de las \u00c1guilas en Benalm\u00e1dena, un espect\u00e1culo natural con aves rapaces y vistas \u00fanicas.\",\"breadcrumb\":{\"@id\":\"https:\/\/www.alfrescostays.com\/blog\/jardin-aguilas-benalmadena\/#breadcrumb\"},\"inLanguage\":\"es\",\"potentialAction\":[{\"@type\":\"ReadAction\",\"target\":[\"https:\/\/www.alfrescostays.com\/blog\/jardin-aguilas-benalmadena\/\"]}]},{\"@type\":\"ImageObject\",\"inLanguage\":\"es\",\"@id\":\"https:\/\/www.alfrescostays.com\/blog\/jardin-aguilas-benalmadena\/#primaryimage\",\"url\":\"https:\/\/www.alfrescostays.com\/blog\/wp-content\/uploads\/2025\/10\/Jardin-de-las-Aguilas-benalmadena.jpg\",\"contentUrl\":\"https:\/\/www.alfrescostays.com\/blog\/wp-content\/uploads\/2025\/10\/Jardin-de-las-Aguilas-benalmadena.jpg\",\"width\":1270,\"height\":714,\"caption\":\"Jardin-de-las-Aguilas-benalmadena.jpg\"},{\"@type\":\"BreadcrumbList\",\"@id\":\"https:\/\/www.alfrescostays.com\/blog\/jardin-aguilas-benalmadena\/#breadcrumb\",\"itemListElement\":[{\"@type\":\"ListItem\",\"position\":1,\"name\":\"Portada\",\"item\":\"https:\/\/www.alfrescostays.com\/blog\/\"},{\"@type\":\"ListItem\",\"position\":2,\"name\":\"El Jard\u00edn de las \u00c1guilas en Benalm\u00e1dena\"}]},{\"@type\":\"WebSite\",\"@id\":\"https:\/\/www.alfrescostays.com\/blog\/#website\",\"url\":\"https:\/\/www.alfrescostays.com\/blog\/\",\"name\":\"Alfresco Stays\",\"description\":\"Descubre los mejores lugares y consejos para planear tu escapada a la maravillosa Costa del Sol. \u00a1Ven a descubrir con Alfresco Stays el sur de Espa\u00f1a!\",\"publisher\":{\"@id\":\"https:\/\/www.alfrescostays.com\/blog\/#organization\"},\"potentialAction\":[{\"@type\":\"SearchAction\",\"target\":{\"@type\":\"EntryPoint\",\"urlTemplate\":\"https:\/\/www.alfrescostays.com\/blog\/?s={search_term_string}\"},\"query-input\":{\"@type\":\"PropertyValueSpecification\",\"valueRequired\":true,\"valueName\":\"search_term_string\"}}],\"inLanguage\":\"es\"},{\"@type\":\"Organization\",\"@id\":\"https:\/\/www.alfrescostays.com\/blog\/#organization\",\"name\":\"Alfresco Stays\",\"url\":\"https:\/\/www.alfrescostays.com\/blog\/\",\"logo\":{\"@type\":\"ImageObject\",\"inLanguage\":\"es\",\"@id\":\"https:\/\/www.alfrescostays.com\/blog\/#\/schema\/logo\/image\/\",\"url\":\"https:\/\/www.alfrescostays.com\/blog\/wp-content\/uploads\/2024\/04\/Favicon-2.png\",\"contentUrl\":\"https:\/\/www.alfrescostays.com\/blog\/wp-content\/uploads\/2024\/04\/Favicon-2.png\",\"width\":1080,\"height\":1080,\"caption\":\"Alfresco Stays\"},\"image\":{\"@id\":\"https:\/\/www.alfrescostays.com\/blog\/#\/schema\/logo\/image\/\"}},{\"@type\":\"Person\",\"@id\":\"https:\/\/www.alfrescostays.com\/blog\/#\/schema\/person\/57258ea6de6e977c7be225cbd8357b4e\",\"name\":\"digitalservices@avantio.com\",\"image\":{\"@type\":\"ImageObject\",\"inLanguage\":\"es\",\"@id\":\"https:\/\/www.alfrescostays.com\/blog\/#\/schema\/person\/image\/\",\"url\":\"https:\/\/secure.gravatar.com\/avatar\/af30f88a1904294c1f3eb09a9d7903eec4ffa18fa2cf40c28a8681014ecdfc20?s=96&d=mm&r=g\",\"contentUrl\":\"https:\/\/secure.gravatar.com\/avatar\/af30f88a1904294c1f3eb09a9d7903eec4ffa18fa2cf40c28a8681014ecdfc20?s=96&d=mm&r=g\",\"caption\":\"digitalservices@avantio.com\"},\"url\":\"https:\/\/www.alfrescostays.com\/blog\/author\/digitalservicesavantio-com\/\"}]}<\/script>\n<!-- \/ Yoast SEO plugin. -->","yoast_head_json":{"title":"El Jard\u00edn de las \u00c1guilas en Benalm\u00e1dena - El Blog de la Costa del Sol","description":"Descubre el Jard\u00edn de las \u00c1guilas en Benalm\u00e1dena, un espect\u00e1culo natural con aves rapaces y vistas \u00fanicas.","robots":{"index":"index","follow":"follow","max-snippet":"max-snippet:-1","max-image-preview":"max-image-preview:large","max-video-preview":"max-video-preview:-1"},"canonical":"https:\/\/www.alfrescostays.com\/blog\/jardin-aguilas-benalmadena\/","og_locale":"es_ES","og_type":"article","og_title":"El Jard\u00edn de las \u00c1guilas en Benalm\u00e1dena - El Blog de la Costa del Sol","og_description":"Descubre el Jard\u00edn de las \u00c1guilas en Benalm\u00e1dena, un espect\u00e1culo natural con aves rapaces y vistas \u00fanicas.","og_url":"https:\/\/www.alfrescostays.com\/blog\/jardin-aguilas-benalmadena\/","og_site_name":"El Blog de la Costa del Sol","article_published_time":"2025-10-21T07:10:01+00:00","article_modified_time":"2025-10-23T10:23:11+00:00","og_image":[{"width":1270,"height":714,"url":"https:\/\/www.alfrescostays.com\/blog\/wp-content\/uploads\/2025\/10\/Jardin-de-las-Aguilas-benalmadena.jpg","type":"image\/jpeg"}],"author":"digitalservices@avantio.com","twitter_card":"summary_large_image","twitter_misc":{"Escrito por":"digitalservices@avantio.com","Tiempo de lectura":"5 minutos"},"schema":{"@context":"https:\/\/schema.org","@graph":[{"@type":"Article","@id":"https:\/\/www.alfrescostays.com\/blog\/jardin-aguilas-benalmadena\/#article","isPartOf":{"@id":"https:\/\/www.alfrescostays.com\/blog\/jardin-aguilas-benalmadena\/"},"author":{"name":"digitalservices@avantio.com","@id":"https:\/\/www.alfrescostays.com\/blog\/#\/schema\/person\/57258ea6de6e977c7be225cbd8357b4e"},"headline":"El Jard\u00edn de las \u00c1guilas en Benalm\u00e1dena","datePublished":"2025-10-21T07:10:01+00:00","dateModified":"2025-10-23T10:23:11+00:00","mainEntityOfPage":{"@id":"https:\/\/www.alfrescostays.com\/blog\/jardin-aguilas-benalmadena\/"},"wordCount":1049,"publisher":{"@id":"https:\/\/www.alfrescostays.com\/blog\/#organization"},"image":{"@id":"https:\/\/www.alfrescostays.com\/blog\/jardin-aguilas-benalmadena\/#primaryimage"},"thumbnailUrl":"https:\/\/www.alfrescostays.com\/blog\/wp-content\/uploads\/2025\/10\/Jardin-de-las-Aguilas-benalmadena.jpg","articleSection":["Benalm\u00e1dena","Pueblos"],"inLanguage":"es"},{"@type":"WebPage","@id":"https:\/\/www.alfrescostays.com\/blog\/jardin-aguilas-benalmadena\/","url":"https:\/\/www.alfrescostays.com\/blog\/jardin-aguilas-benalmadena\/","name":"El Jard\u00edn de las \u00c1guilas en Benalm\u00e1dena - El Blog de la Costa del Sol","isPartOf":{"@id":"https:\/\/www.alfrescostays.com\/blog\/#website"},"primaryImageOfPage":{"@id":"https:\/\/www.alfrescostays.com\/blog\/jardin-aguilas-benalmadena\/#primaryimage"},"image":{"@id":"https:\/\/www.alfrescostays.com\/blog\/jardin-aguilas-benalmadena\/#primaryimage"},"thumbnailUrl":"https:\/\/www.alfrescostays.com\/blog\/wp-content\/uploads\/2025\/10\/Jardin-de-las-Aguilas-benalmadena.jpg","datePublished":"2025-10-21T07:10:01+00:00","dateModified":"2025-10-23T10:23:11+00:00","description":"Descubre el Jard\u00edn de las \u00c1guilas en Benalm\u00e1dena, un espect\u00e1culo natural con aves rapaces y vistas \u00fanicas.","breadcrumb":{"@id":"https:\/\/www.alfrescostays.com\/blog\/jardin-aguilas-benalmadena\/#breadcrumb"},"inLanguage":"es","potentialAction":[{"@type":"ReadAction","target":["https:\/\/www.alfrescostays.com\/blog\/jardin-aguilas-benalmadena\/"]}]},{"@type":"ImageObject","inLanguage":"es","@id":"https:\/\/www.alfrescostays.com\/blog\/jardin-aguilas-benalmadena\/#primaryimage","url":"https:\/\/www.alfrescostays.com\/blog\/wp-content\/uploads\/2025\/10\/Jardin-de-las-Aguilas-benalmadena.jpg","contentUrl":"https:\/\/www.alfrescostays.com\/blog\/wp-content\/uploads\/2025\/10\/Jardin-de-las-Aguilas-benalmadena.jpg","width":1270,"height":714,"caption":"Jardin-de-las-Aguilas-benalmadena.jpg"},{"@type":"BreadcrumbList","@id":"https:\/\/www.alfrescostays.com\/blog\/jardin-aguilas-benalmadena\/#breadcrumb","itemListElement":[{"@type":"ListItem","position":1,"name":"Portada","item":"https:\/\/www.alfrescostays.com\/blog\/"},{"@type":"ListItem","position":2,"name":"El Jard\u00edn de las \u00c1guilas en Benalm\u00e1dena"}]},{"@type":"WebSite","@id":"https:\/\/www.alfrescostays.com\/blog\/#website","url":"https:\/\/www.alfrescostays.com\/blog\/","name":"Alfresco Stays","description":"Descubre los mejores lugares y consejos para planear tu escapada a la maravillosa Costa del Sol. \u00a1Ven a descubrir con Alfresco Stays el sur de Espa\u00f1a!","publisher":{"@id":"https:\/\/www.alfrescostays.com\/blog\/#organization"},"potentialAction":[{"@type":"SearchAction","target":{"@type":"EntryPoint","urlTemplate":"https:\/\/www.alfrescostays.com\/blog\/?s={search_term_string}"},"query-input":{"@type":"PropertyValueSpecification","valueRequired":true,"valueName":"search_term_string"}}],"inLanguage":"es"},{"@type":"Organization","@id":"https:\/\/www.alfrescostays.com\/blog\/#organization","name":"Alfresco Stays","url":"https:\/\/www.alfrescostays.com\/blog\/","logo":{"@type":"ImageObject","inLanguage":"es","@id":"https:\/\/www.alfrescostays.com\/blog\/#\/schema\/logo\/image\/","url":"https:\/\/www.alfrescostays.com\/blog\/wp-content\/uploads\/2024\/04\/Favicon-2.png","contentUrl":"https:\/\/www.alfrescostays.com\/blog\/wp-content\/uploads\/2024\/04\/Favicon-2.png","width":1080,"height":1080,"caption":"Alfresco Stays"},"image":{"@id":"https:\/\/www.alfrescostays.com\/blog\/#\/schema\/logo\/image\/"}},{"@type":"Person","@id":"https:\/\/www.alfrescostays.com\/blog\/#\/schema\/person\/57258ea6de6e977c7be225cbd8357b4e","name":"digitalservices@avantio.com","image":{"@type":"ImageObject","inLanguage":"es","@id":"https:\/\/www.alfrescostays.com\/blog\/#\/schema\/person\/image\/","url":"https:\/\/secure.gravatar.com\/avatar\/af30f88a1904294c1f3eb09a9d7903eec4ffa18fa2cf40c28a8681014ecdfc20?s=96&d=mm&r=g","contentUrl":"https:\/\/secure.gravatar.com\/avatar\/af30f88a1904294c1f3eb09a9d7903eec4ffa18fa2cf40c28a8681014ecdfc20?s=96&d=mm&r=g","caption":"digitalservices@avantio.com"},"url":"https:\/\/www.alfrescostays.com\/blog\/author\/digitalservicesavantio-com\/"}]}},"_links":{"self":[{"href":"https:\/\/www.alfrescostays.com\/blog\/wp-json\/wp\/v2\/posts\/4146","targetHints":{"allow":["GET"]}}],"collection":[{"href":"https:\/\/www.alfrescostays.com\/blog\/wp-json\/wp\/v2\/posts"}],"about":[{"href":"https:\/\/www.alfrescostays.com\/blog\/wp-json\/wp\/v2\/types\/post"}],"author":[{"embeddable":true,"href":"https:\/\/www.alfrescostays.com\/blog\/wp-json\/wp\/v2\/users\/3"}],"replies":[{"embeddable":true,"href":"https:\/\/www.alfrescostays.com\/blog\/wp-json\/wp\/v2\/comments?post=4146"}],"version-history":[{"count":4,"href":"https:\/\/www.alfrescostays.com\/blog\/wp-json\/wp\/v2\/posts\/4146\/revisions"}],"predecessor-version":[{"id":4158,"href":"https:\/\/www.alfrescostays.com\/blog\/wp-json\/wp\/v2\/posts\/4146\/revisions\/4158"}],"wp:featuredmedia":[{"embeddable":true,"href":"https:\/\/www.alfrescostays.com\/blog\/wp-json\/wp\/v2\/media\/4149"}],"wp:attachment":[{"href":"https:\/\/www.alfrescostays.com\/blog\/wp-json\/wp\/v2\/media?parent=4146"}],"wp:term":[{"taxonomy":"category","embeddable":true,"href":"https:\/\/www.alfrescostays.com\/blog\/wp-json\/wp\/v2\/categories?post=4146"},{"taxonomy":"post_tag","embeddable":true,"href":"https:\/\/www.alfrescostays.com\/blog\/wp-json\/wp\/v2\/tags?post=4146"}],"curies":[{"name":"wp","href":"https:\/\/api.w.org\/{rel}","templated":true}]}}