{"id":3218,"date":"2025-05-14T09:48:23","date_gmt":"2025-05-14T09:48:23","guid":{"rendered":"https:\/\/www.alfrescostays.com\/blog\/?p=3218"},"modified":"2025-06-10T08:24:25","modified_gmt":"2025-06-10T08:24:25","slug":"costa-del-sol-en-julio","status":"publish","type":"post","link":"https:\/\/www.alfrescostays.com\/blog\/costa-del-sol-en-julio\/","title":{"rendered":"Descubre la Costa del Sol en julio"},"content":{"rendered":"\t\t<div data-elementor-type=\"wp-post\" data-elementor-id=\"3218\" class=\"elementor elementor-3218\" data-elementor-post-type=\"post\">\n\t\t\t\t<div class=\"elementor-element elementor-element-1e5d132c e-flex e-con-boxed e-con e-parent\" data-id=\"1e5d132c\" data-element_type=\"container\" data-e-type=\"container\">\n\t\t\t\t\t<div class=\"e-con-inner\">\n\t\t\t\t<div class=\"elementor-element elementor-element-2545fbb elementor-widget elementor-widget-text-editor\" data-id=\"2545fbb\" data-element_type=\"widget\" data-e-type=\"widget\" data-widget_type=\"text-editor.default\">\n\t\t\t\t<div class=\"elementor-widget-container\">\n\t\t\t\t\t\t\t\t\t<p><span style=\"font-weight: 400;\">\u00bfQuieres visitar la Costa del Sol en julio? Este art\u00edculo es para ti. Este destino tur\u00edstico ubicado en Andaluc\u00eda, es un lugar vibrante, lleno de vida y alegr\u00eda durante todo el verano, siendo que el mes de julio tiene una ventaja importante: hay menos turistas que en agosto. Eso te permitir\u00e1 disfrutar a tu ritmo y sin preocupaciones de todas las maravillas de la regi\u00f3n. \u00bfCu\u00e1les son esas maravillas? Playas doradas, la temperatura perfecta del agua, las fiestas y eventos populares, la cultura y la gastronom\u00eda son algunos ejemplos que podemos destacar. Sigue leyendo y descubre todos los motivos para visitar la Costa del Sol en julio.<\/span><\/p>\t\t\t\t\t\t\t\t<\/div>\n\t\t\t\t<\/div>\n\t\t\t\t\t<\/div>\n\t\t\t\t<\/div>\n\t\t<div class=\"elementor-element elementor-element-cf25d41 e-flex e-con-boxed e-con e-parent\" data-id=\"cf25d41\" data-element_type=\"container\" data-e-type=\"container\">\n\t\t\t\t\t<div class=\"e-con-inner\">\n\t\t\t\t<div class=\"elementor-element elementor-element-580135c5 elementor-widget elementor-widget-table-of-contents\" data-id=\"580135c5\" data-element_type=\"widget\" data-e-type=\"widget\" data-settings=\"{&quot;headings_by_tags&quot;:[&quot;h2&quot;,&quot;h3&quot;],&quot;exclude_headings_by_selector&quot;:[],&quot;marker_view&quot;:&quot;bullets&quot;,&quot;no_headings_message&quot;:&quot;No se ha encontrado ning\\u00fan encabezado en esta p\\u00e1gina.&quot;,&quot;icon&quot;:{&quot;value&quot;:&quot;fas fa-circle&quot;,&quot;library&quot;:&quot;fa-solid&quot;,&quot;rendered_tag&quot;:&quot;&lt;svg class=\\&quot;e-font-icon-svg e-fas-circle\\&quot; viewBox=\\&quot;0 0 512 512\\&quot; xmlns=\\&quot;http:\\\/\\\/www.w3.org\\\/2000\\\/svg\\&quot;&gt;&lt;path d=\\&quot;M256 8C119 8 8 119 8 256s111 248 248 248 248-111 248-248S393 8 256 8z\\&quot;&gt;&lt;\\\/path&gt;&lt;\\\/svg&gt;&quot;},&quot;hierarchical_view&quot;:&quot;yes&quot;,&quot;min_height&quot;:{&quot;unit&quot;:&quot;px&quot;,&quot;size&quot;:&quot;&quot;,&quot;sizes&quot;:[]},&quot;min_height_tablet&quot;:{&quot;unit&quot;:&quot;px&quot;,&quot;size&quot;:&quot;&quot;,&quot;sizes&quot;:[]},&quot;min_height_mobile&quot;:{&quot;unit&quot;:&quot;px&quot;,&quot;size&quot;:&quot;&quot;,&quot;sizes&quot;:[]}}\" data-widget_type=\"table-of-contents.default\">\n\t\t\t\t<div class=\"elementor-widget-container\">\n\t\t\t\t\t\t\t\t\t<div class=\"elementor-toc__header\">\n\t\t\t\t\t\t<div class=\"elementor-toc__header-title\">\n\t\t\t\t\u00cdndice\t\t\t<\/div>\n\t\t\t\t\t\t\t\t<\/div>\n\t\t\t\t<div id=\"elementor-toc__580135c5\" class=\"elementor-toc__body\">\n\t\t\t<div class=\"elementor-toc__spinner-container\">\n\t\t\t\t<svg class=\"elementor-toc__spinner eicon-animation-spin e-font-icon-svg e-eicon-loading\" aria-hidden=\"true\" viewBox=\"0 0 1000 1000\" xmlns=\"http:\/\/www.w3.org\/2000\/svg\"><path d=\"M500 975V858C696 858 858 696 858 500S696 142 500 142 142 304 142 500H25C25 237 238 25 500 25S975 237 975 500 763 975 500 975Z\"><\/path><\/svg>\t\t\t<\/div>\n\t\t<\/div>\n\t\t\t\t\t\t<\/div>\n\t\t\t\t<\/div>\n\t\t\t\t\t<\/div>\n\t\t\t\t<\/div>\n\t\t<div class=\"elementor-element elementor-element-5aeda5e3 e-flex e-con-boxed e-con e-parent\" data-id=\"5aeda5e3\" data-element_type=\"container\" data-e-type=\"container\">\n\t\t\t\t\t<div class=\"e-con-inner\">\n\t\t\t\t<div class=\"elementor-element elementor-element-32406868 elementor-widget elementor-widget-heading\" data-id=\"32406868\" data-element_type=\"widget\" data-e-type=\"widget\" data-widget_type=\"heading.default\">\n\t\t\t\t<div class=\"elementor-widget-container\">\n\t\t\t\t\t<h2 class=\"elementor-heading-title elementor-size-default\">\u00bfC\u00f3mo es el clima en la Costa del Sol en julio? <\/h2>\t\t\t\t<\/div>\n\t\t\t\t<\/div>\n\t\t\t\t<div class=\"elementor-element elementor-element-377813a elementor-widget elementor-widget-text-editor\" data-id=\"377813a\" data-element_type=\"widget\" data-e-type=\"widget\" data-widget_type=\"text-editor.default\">\n\t\t\t\t<div class=\"elementor-widget-container\">\n\t\t\t\t\t\t\t\t\t<p><span style=\"font-weight: 400;\">El clima de la regi\u00f3n en verano es perfecto para quienes buscan calor y animadas noches de verano. Las temperaturas en la Costa del Sol en julio oscilan entre los 28 \u00baC y los 34 \u00baC, con m\u00ednimas que pueden llegar a los 20 \u00baC, y esto significa que es el tiempo perfecto para pantalones cortos, faldas y vestidos, sin necesidad de usar cualquier tipo de abrigo. En algunas zonas, las brisas marinas hacen de las noches un momento muy agradable, perfecto para aprovechar las muchas terrazas al aire libre y la m\u00fasica en directo.<\/span><\/p><p><span style=\"font-weight: 400;\">Es casi seguro que no encontrar\u00e1s d\u00edas lluviosos si visitas la Costa del Sol en julio, as\u00ed que prep\u00e1rate para mucha playa, parques acu\u00e1ticos, conciertos y paseos. La temperatura del agua ronda los 22-25 \u00baC, por eso ya no tienes excusa para no hacer buceo, snorkeling o simplemente nadar con las olas. Recomendamos que te protejas bien del sol \u2013 crema con alto factor de protecci\u00f3n, gafas de sol y sombrero son accesorios que debes llevar s\u00ed o s\u00ed en tu pr\u00f3xima visita a la Costa del Sol en julio.<\/span><\/p>\t\t\t\t\t\t\t\t<\/div>\n\t\t\t\t<\/div>\n\t\t\t\t\t<\/div>\n\t\t\t\t<\/div>\n\t\t<div class=\"elementor-element elementor-element-ce00be7 e-flex e-con-boxed e-con e-parent\" data-id=\"ce00be7\" data-element_type=\"container\" data-e-type=\"container\">\n\t\t\t\t\t<div class=\"e-con-inner\">\n\t\t\t\t<div class=\"elementor-element elementor-element-7097999 elementor-widget elementor-widget-image\" data-id=\"7097999\" data-element_type=\"widget\" data-e-type=\"widget\" data-widget_type=\"image.default\">\n\t\t\t\t<div class=\"elementor-widget-container\">\n\t\t\t\t\t\t\t\t\t\t\t\t\t\t\t<img fetchpriority=\"high\" decoding=\"async\" width=\"1281\" height=\"640\" src=\"https:\/\/www.alfrescostays.com\/blog\/wp-content\/uploads\/2025\/05\/clima-costa-del-sol-en-ljulio.jpg\" class=\"attachment-full size-full wp-image-3240\" alt=\"clima-costa-del-sol-en-ljulio.jpg\" srcset=\"https:\/\/www.alfrescostays.com\/blog\/wp-content\/uploads\/2025\/05\/clima-costa-del-sol-en-ljulio.jpg 1281w, https:\/\/www.alfrescostays.com\/blog\/wp-content\/uploads\/2025\/05\/clima-costa-del-sol-en-ljulio-300x150.jpg 300w, https:\/\/www.alfrescostays.com\/blog\/wp-content\/uploads\/2025\/05\/clima-costa-del-sol-en-ljulio-1024x512.jpg 1024w, https:\/\/www.alfrescostays.com\/blog\/wp-content\/uploads\/2025\/05\/clima-costa-del-sol-en-ljulio-768x384.jpg 768w\" sizes=\"(max-width: 1281px) 100vw, 1281px\" \/>\t\t\t\t\t\t\t\t\t\t\t\t\t\t\t<\/div>\n\t\t\t\t<\/div>\n\t\t\t\t\t<\/div>\n\t\t\t\t<\/div>\n\t\t<div class=\"elementor-element elementor-element-2c8987c e-flex e-con-boxed e-con e-parent\" data-id=\"2c8987c\" data-element_type=\"container\" data-e-type=\"container\">\n\t\t\t\t\t<div class=\"e-con-inner\">\n\t\t\t\t<div class=\"elementor-element elementor-element-db1739a elementor-widget elementor-widget-heading\" data-id=\"db1739a\" data-element_type=\"widget\" data-e-type=\"widget\" data-widget_type=\"heading.default\">\n\t\t\t\t<div class=\"elementor-widget-container\">\n\t\t\t\t\t<h2 class=\"elementor-heading-title elementor-size-default\">Eventos en la Costa del Sol en julio<\/h2>\t\t\t\t<\/div>\n\t\t\t\t<\/div>\n\t\t\t\t<div class=\"elementor-element elementor-element-bd0896d elementor-widget elementor-widget-text-editor\" data-id=\"bd0896d\" data-element_type=\"widget\" data-e-type=\"widget\" data-widget_type=\"text-editor.default\">\n\t\t\t\t<div class=\"elementor-widget-container\">\n\t\t\t\t\t\t\t\t\t<p><span style=\"font-weight: 400;\">Si vas a visitar la Costa del Sol en julio encontrar\u00e1s muchas fiestas, festivales y eventos culturales para que no te aburras ni un solo momento. <\/span><a href=\"https:\/\/www.alfrescostays.com\/blog\/pueblos-bonitos-malaga\/\"><span style=\"font-weight: 400;\">Los pueblos<\/span><\/a><span style=\"font-weight: 400;\"> cuentan con peque\u00f1os mercados y fiestas en honor a figuras religiosas, mientras en las ciudades encontrar\u00e1s eventos con m\u00fasica en directo, exposiciones y muchas opciones para visitar, como museos y fiestas gastron\u00f3micas. Estos son algunos de los eventos m\u00e1s interesantes para aprovechar el clima de la Costa del Sol en julio:<\/span><\/p>\t\t\t\t\t\t\t\t<\/div>\n\t\t\t\t<\/div>\n\t\t\t\t\t<\/div>\n\t\t\t\t<\/div>\n\t\t<div class=\"elementor-element elementor-element-7432cc8 e-flex e-con-boxed e-con e-parent\" data-id=\"7432cc8\" data-element_type=\"container\" data-e-type=\"container\">\n\t\t\t\t\t<div class=\"e-con-inner\">\n\t\t<div class=\"elementor-element elementor-element-15bf90f e-con-full e-flex e-con e-child\" data-id=\"15bf90f\" data-element_type=\"container\" data-e-type=\"container\">\n\t\t\t\t<div class=\"elementor-element elementor-element-2c63a526 elementor-widget elementor-widget-heading\" data-id=\"2c63a526\" data-element_type=\"widget\" data-e-type=\"widget\" data-widget_type=\"heading.default\">\n\t\t\t\t<div class=\"elementor-widget-container\">\n\t\t\t\t\t<h3 class=\"elementor-heading-title elementor-size-default\">Fiesta de la Virgen del Carmen<\/h3>\t\t\t\t<\/div>\n\t\t\t\t<\/div>\n\t\t\t\t<div class=\"elementor-element elementor-element-675374a elementor-widget elementor-widget-image\" data-id=\"675374a\" data-element_type=\"widget\" data-e-type=\"widget\" data-widget_type=\"image.default\">\n\t\t\t\t<div class=\"elementor-widget-container\">\n\t\t\t\t\t\t\t\t\t\t\t\t\t\t\t<img decoding=\"async\" src=\"https:\/\/www.alfrescostays.com\/blog\/wp-content\/uploads\/elementor\/thumbs\/Fefria-fiestas-fuengirola-r5shqcmv9geolhu85ujfufe8bspqt4ifm7euw578co.jpg\" title=\"Two riders dressed in the typical Andalusian cowboy costume\" alt=\"Fefria-fiestas-fuengirola.jpg\" loading=\"lazy\" \/>\t\t\t\t\t\t\t\t\t\t\t\t\t\t\t<\/div>\n\t\t\t\t<\/div>\n\t\t\t\t<div class=\"elementor-element elementor-element-20a32e85 elementor-widget elementor-widget-text-editor\" data-id=\"20a32e85\" data-element_type=\"widget\" data-e-type=\"widget\" data-widget_type=\"text-editor.default\">\n\t\t\t\t<div class=\"elementor-widget-container\">\n\t\t\t\t\t\t\t\t\t<p><span style=\"font-weight: 400;\">Destacamos la Fiesta de la Virgen del Carmen, que se celebra el 16 de julio en muchos lugares de la regi\u00f3n, como M\u00e1laga, Fuengirola o Estepona, un espect\u00e1culo lleno de color, m\u00fasica y emoci\u00f3n en homenaje a la patrona de los marineros.<\/span><\/p>\t\t\t\t\t\t\t\t<\/div>\n\t\t\t\t<\/div>\n\t\t\t\t<\/div>\n\t\t<div class=\"elementor-element elementor-element-78609e3 e-con-full e-flex e-con e-child\" data-id=\"78609e3\" data-element_type=\"container\" data-e-type=\"container\">\n\t\t\t\t<div class=\"elementor-element elementor-element-bd78c81 elementor-widget elementor-widget-heading\" data-id=\"bd78c81\" data-element_type=\"widget\" data-e-type=\"widget\" data-widget_type=\"heading.default\">\n\t\t\t\t<div class=\"elementor-widget-container\">\n\t\t\t\t\t<h3 class=\"elementor-heading-title elementor-size-default\">Festival Starlite Marbella<\/h3>\t\t\t\t<\/div>\n\t\t\t\t<\/div>\n\t\t\t\t<div class=\"elementor-element elementor-element-075cfb2 elementor-widget elementor-widget-image\" data-id=\"075cfb2\" data-element_type=\"widget\" data-e-type=\"widget\" data-widget_type=\"image.default\">\n\t\t\t\t<div class=\"elementor-widget-container\">\n\t\t\t\t\t\t\t\t\t\t\t\t\t\t\t<img decoding=\"async\" src=\"https:\/\/www.alfrescostays.com\/blog\/wp-content\/uploads\/elementor\/thumbs\/Festival-Startlite-Marbella-qkut1qty5uvdswcvhsbillnv7o9x9f3favnsrplzbc.jpg\" title=\"Festival-Startlite-Marbella\" alt=\"Festival-Startlite-Marbella\" loading=\"lazy\" \/>\t\t\t\t\t\t\t\t\t\t\t\t\t\t\t<\/div>\n\t\t\t\t<\/div>\n\t\t\t\t<div class=\"elementor-element elementor-element-74c9c9c elementor-widget elementor-widget-text-editor\" data-id=\"74c9c9c\" data-element_type=\"widget\" data-e-type=\"widget\" data-widget_type=\"text-editor.default\">\n\t\t\t\t<div class=\"elementor-widget-container\">\n\t\t\t\t\t\t\t\t\t<p><span style=\"font-weight: 400;\">Marbella acoge este festival de m\u00fasica que atrae a visitantes de todo el pa\u00eds, gracias a los grandes nombres de artistas nacionales e internacionales que conforman el cartel del evento. \u00bfQuieres saber algunos de los nombres? Si Nathy Peluso, Marc Anthony, Seal, Scorpions, Ana Bel\u00e9n, Rels B o Raphael no son suficientes para ti, echa un vistazo al cartel completo en la <\/span><a href=\"https:\/\/starlitefestival.com\/programacion-2025\/\"><span style=\"font-weight: 400;\">web del evento<\/span><\/a><span style=\"font-weight: 400;\">.<\/span><\/p>\t\t\t\t\t\t\t\t<\/div>\n\t\t\t\t<\/div>\n\t\t\t\t<\/div>\n\t\t\t\t\t<\/div>\n\t\t\t\t<\/div>\n\t\t<div class=\"elementor-element elementor-element-5ab0c52 e-flex e-con-boxed e-con e-parent\" data-id=\"5ab0c52\" data-element_type=\"container\" data-e-type=\"container\">\n\t\t\t\t\t<div class=\"e-con-inner\">\n\t\t\t\t<div class=\"elementor-element elementor-element-5049ed6 elementor-widget elementor-widget-heading\" data-id=\"5049ed6\" data-element_type=\"widget\" data-e-type=\"widget\" data-widget_type=\"heading.default\">\n\t\t\t\t<div class=\"elementor-widget-container\">\n\t\t\t\t\t<h2 class=\"elementor-heading-title elementor-size-default\">Consejos para disfrutar del verano en la Costa del Sol <\/h2>\t\t\t\t<\/div>\n\t\t\t\t<\/div>\n\t\t\t\t<div class=\"elementor-element elementor-element-2487a6f elementor-widget elementor-widget-text-editor\" data-id=\"2487a6f\" data-element_type=\"widget\" data-e-type=\"widget\" data-widget_type=\"text-editor.default\">\n\t\t\t\t<div class=\"elementor-widget-container\">\n\t\t\t\t\t\t\t\t\t<p><span style=\"font-weight: 400;\">Disfrutar del verano en la Costa del Sol en julio es muy f\u00e1cil, pero podemos darte algunos consejos que van a mejorar tu experiencia:<\/span><\/p><ul><li style=\"font-weight: 400;\" aria-level=\"1\"><b>Reserva tu alojamiento y actividades con antelaci\u00f3n<\/b><span style=\"font-weight: 400;\">. El mes de julio ya se considera temporada alta en la regi\u00f3n, y aunque no haya tanta gente como en agosto, es importante elegir donde te vas a quedar y que vas a hacer antes de los dem\u00e1s.<\/span><\/li><li style=\"font-weight: 400;\" aria-level=\"1\"><b>Lleva ropa ligera<\/b><span style=\"font-weight: 400;\">. La temperatura en la Costa del Sol en julio puede ser especialmente elevada en algunos d\u00edas, por eso es fundamental que pongas en tu maleta ropa transpirable y fresca.\u00a0<\/span><\/li><li style=\"font-weight: 400;\" aria-level=\"1\"><b>Cuidado con el sol y el calor<\/b><span style=\"font-weight: 400;\">. Adem\u00e1s de la protecci\u00f3n solar, que ya hemos mencionado, debes hidratarte constantemente y, si es posible, evitar la exposici\u00f3n solar durante las horas del mediod\u00eda.<\/span><\/li><li style=\"font-weight: 400;\" aria-level=\"1\"><b>Explora el ambiente de la regi\u00f3n<\/b>. La Costa del Sol en julio ofrece numerosas actividades l\u00fadicas para todos, tanto de d\u00eda como de noche, as\u00ed que d\u00e9jate llevar y vive como los locales en los chiringuitos de la playa, en las terrazas de los bares, en los restaurantes con vistas al mar\u2026<\/li><\/ul>\t\t\t\t\t\t\t\t<\/div>\n\t\t\t\t<\/div>\n\t\t\t\t\t<\/div>\n\t\t\t\t<\/div>\n\t\t<div class=\"elementor-element elementor-element-73632ad e-flex e-con-boxed e-con e-parent\" data-id=\"73632ad\" data-element_type=\"container\" data-e-type=\"container\">\n\t\t\t\t\t<div class=\"e-con-inner\">\n\t\t\t\t<div class=\"elementor-element elementor-element-ee89a84 elementor-widget elementor-widget-image\" data-id=\"ee89a84\" data-element_type=\"widget\" data-e-type=\"widget\" data-widget_type=\"image.default\">\n\t\t\t\t<div class=\"elementor-widget-container\">\n\t\t\t\t\t\t\t\t\t\t\t\t\t\t\t<img decoding=\"async\" width=\"1629\" height=\"814\" src=\"https:\/\/www.alfrescostays.com\/blog\/wp-content\/uploads\/2025\/05\/Verano-costa-del-sol-julio.jpg\" class=\"attachment-full size-full wp-image-3242\" alt=\"Verano-costa-del-sol-julio.jpg\" srcset=\"https:\/\/www.alfrescostays.com\/blog\/wp-content\/uploads\/2025\/05\/Verano-costa-del-sol-julio.jpg 1629w, https:\/\/www.alfrescostays.com\/blog\/wp-content\/uploads\/2025\/05\/Verano-costa-del-sol-julio-300x150.jpg 300w, https:\/\/www.alfrescostays.com\/blog\/wp-content\/uploads\/2025\/05\/Verano-costa-del-sol-julio-1024x512.jpg 1024w, https:\/\/www.alfrescostays.com\/blog\/wp-content\/uploads\/2025\/05\/Verano-costa-del-sol-julio-768x384.jpg 768w, https:\/\/www.alfrescostays.com\/blog\/wp-content\/uploads\/2025\/05\/Verano-costa-del-sol-julio-1536x768.jpg 1536w\" sizes=\"(max-width: 1629px) 100vw, 1629px\" \/>\t\t\t\t\t\t\t\t\t\t\t\t\t\t\t<\/div>\n\t\t\t\t<\/div>\n\t\t\t\t\t<\/div>\n\t\t\t\t<\/div>\n\t\t<div class=\"elementor-element elementor-element-2e7fb74 e-flex e-con-boxed e-con e-parent\" data-id=\"2e7fb74\" data-element_type=\"container\" data-e-type=\"container\">\n\t\t\t\t\t<div class=\"e-con-inner\">\n\t\t\t\t<div class=\"elementor-element elementor-element-a84a12d elementor-widget elementor-widget-heading\" data-id=\"a84a12d\" data-element_type=\"widget\" data-e-type=\"widget\" data-widget_type=\"heading.default\">\n\t\t\t\t<div class=\"elementor-widget-container\">\n\t\t\t\t\t<h2 class=\"elementor-heading-title elementor-size-default\">Actividades recomendadas<\/h2>\t\t\t\t<\/div>\n\t\t\t\t<\/div>\n\t\t\t\t<div class=\"elementor-element elementor-element-579a585 elementor-widget elementor-widget-text-editor\" data-id=\"579a585\" data-element_type=\"widget\" data-e-type=\"widget\" data-widget_type=\"text-editor.default\">\n\t\t\t\t<div class=\"elementor-widget-container\">\n\t\t\t\t\t\t\t\t\t<p><span style=\"font-weight: 400;\">Hay muchas cosas que puedes hacer en la Costa del Sol en julio, y aqu\u00ed te daremos algunas ideas.<\/span><b><\/b><\/p><ul><li aria-level=\"1\"><b>Disfruta de las playas. <\/b><span style=\"font-weight: 400;\">Esta regi\u00f3n tiene la gran suerte de contar con <\/span><a href=\"https:\/\/www.alfrescostays.com\/blog\/playas-costa-del-sol\/\"><span style=\"font-weight: 400;\">playas espectaculares<\/span><\/a><span style=\"font-weight: 400;\">, con kil\u00f3metros de costa que puedes aprovechar para descansar, jugar, tomar el sol y conectar con el oc\u00e9ano.<\/span><\/li><li aria-level=\"1\"><b>Excursiones. <\/b><span style=\"font-weight: 400;\">Visita los puntos de inter\u00e9s cercanos en escapadas de un d\u00eda, como Ronda, Mijas Pueblo, Nerja o Frigiliana.<\/span><\/li><\/ul><ul><li aria-level=\"1\"><b>Alquila un barco. <\/b><span style=\"font-weight: 400;\">Re\u00fane la familia, los amigos o solo tu pareja y pasea por el mar, disfrutando de paradas para nadar o tomar una copa con todo el lujo.<\/span><\/li><\/ul><ul><li aria-level=\"1\"><b>Respira la cultura. <\/b><span style=\"font-weight: 400;\">Aprovecha que todo el mundo est\u00e1 en las playas de la Costa del Sol en julio y visita museos como el Museo Picasso o el Centro Pompidou, en M\u00e1laga.<\/span><\/li><\/ul><ul><li aria-level=\"1\"><b>Deportes acu\u00e1ticos. <\/b><span style=\"font-weight: 400;\">No pierdas los buenos h\u00e1bitos y aprovecha la playa y el mar para hacer algo de deporte durante tus vacaciones.<\/span><\/li><\/ul><ul><li aria-level=\"1\"><b>Parques tem\u00e1ticos. <\/b><span>No te van a faltar opciones de parques para disfrutar de un d\u00eda divertido en familia. El Sould Park (en Fuengirola y Marbella), el BioParc de Fuengirola o el Sea Life de Benalm\u00e1dena son opciones excelentes.<\/span><\/li><\/ul>\t\t\t\t\t\t\t\t<\/div>\n\t\t\t\t<\/div>\n\t\t\t\t\t<\/div>\n\t\t\t\t<\/div>\n\t\t<div class=\"elementor-element elementor-element-6862e1f e-flex e-con-boxed e-con e-parent\" data-id=\"6862e1f\" data-element_type=\"container\" data-e-type=\"container\">\n\t\t\t\t\t<div class=\"e-con-inner\">\n\t\t\t\t<div class=\"elementor-element elementor-element-3d8f3fe elementor-widget elementor-widget-heading\" data-id=\"3d8f3fe\" data-element_type=\"widget\" data-e-type=\"widget\" data-widget_type=\"heading.default\">\n\t\t\t\t<div class=\"elementor-widget-container\">\n\t\t\t\t\t<h2 class=\"elementor-heading-title elementor-size-default\">\u00bfVale la pena visitar la Costa del Sol en julio?<\/h2>\t\t\t\t<\/div>\n\t\t\t\t<\/div>\n\t\t\t\t<div class=\"elementor-element elementor-element-d6853ee elementor-widget elementor-widget-text-editor\" data-id=\"d6853ee\" data-element_type=\"widget\" data-e-type=\"widget\" data-widget_type=\"text-editor.default\">\n\t\t\t\t<div class=\"elementor-widget-container\">\n\t\t\t\t\t\t\t\t\t<p><span style=\"font-weight: 400;\">No solo vale la pena, \u00a1sino que \u00a0adem\u00e1s deber\u00eda ser algo obligatorio! La regi\u00f3n es un destino de veraneo fant\u00e1stico, con una combinaci\u00f3n de playas, naturaleza, pueblos, cultura y <\/span><a href=\"https:\/\/www.alfrescostays.com\/blog\/comida-tipica-malaga\/\"><span style=\"font-weight: 400;\">gastronom\u00eda<\/span><\/a><span style=\"font-weight: 400;\"> que satisface a cualquier persona. Si lo que te gusta en verano es disfrutar del sol, ba\u00f1arte en el mar o en una piscina, comer en un chiringuito y bailar por las noches, este lugar es para ti. Si no puedes visitar la Costa del Sol en julio, no te preocupes: \u00a1cualquier \u00e9poca del a\u00f1o es buena!<\/span><\/p><p><span style=\"font-weight: 400;\">Reserva ya tu alojamiento en <\/span><a href=\"https:\/\/www.alfrescostays.com\/\"><span style=\"font-weight: 400;\">Alfresco Stays<\/span><\/a><span style=\"font-weight: 400;\">, \u00a1donde encontrar\u00e1s una fant\u00e1stica selecci\u00f3n de apartamentos perfectos y en las mejores ubicaciones para tus vacaciones en la Costa del Sol!<\/span><\/p>\t\t\t\t\t\t\t\t<\/div>\n\t\t\t\t<\/div>\n\t\t\t\t\t<\/div>\n\t\t\t\t<\/div>\n\t\t\t\t<\/div>\n\t\t","protected":false},"excerpt":{"rendered":"<p>\u00bfQuieres visitar la Costa del Sol en julio? Este art\u00edculo es para ti. Este destino tur\u00edstico ubicado en Andaluc\u00eda, es un lugar vibrante, lleno de vida y alegr\u00eda durante todo el verano, siendo que el mes de julio tiene una ventaja importante: hay menos turistas que en agosto. Eso te permitir\u00e1 disfrutar a tu ritmo [&hellip;]<\/p>\n","protected":false},"author":3,"featured_media":3244,"comment_status":"closed","ping_status":"closed","sticky":false,"template":"","format":"standard","meta":{"footnotes":""},"categories":[29],"tags":[],"class_list":["post-3218","post","type-post","status-publish","format-standard","has-post-thumbnail","hentry","category-costa-del-sol"],"yoast_head":"<!-- This site is optimized with the Yoast SEO plugin v27.0 - https:\/\/yoast.com\/product\/yoast-seo-wordpress\/ -->\n<title>Descubre la Costa del Sol en julio - El Blog de la Costa del Sol<\/title>\n<meta name=\"description\" content=\"Disfruta la Costa del Sol en julio: playas, clima espectacular y una vibrante vida nocturna. \u00a1Vive un verano inolvidable en el Mediterr\u00e1neo!\" \/>\n<meta name=\"robots\" content=\"index, follow, max-snippet:-1, max-image-preview:large, max-video-preview:-1\" \/>\n<link rel=\"canonical\" href=\"https:\/\/www.alfrescostays.com\/blog\/costa-del-sol-en-julio\/\" \/>\n<meta property=\"og:locale\" content=\"es_ES\" \/>\n<meta property=\"og:type\" content=\"article\" \/>\n<meta property=\"og:title\" content=\"Descubre la Costa del Sol en julio - El Blog de la Costa del Sol\" \/>\n<meta property=\"og:description\" content=\"Disfruta la Costa del Sol en julio: playas, clima espectacular y una vibrante vida nocturna. \u00a1Vive un verano inolvidable en el Mediterr\u00e1neo!\" \/>\n<meta property=\"og:url\" content=\"https:\/\/www.alfrescostays.com\/blog\/costa-del-sol-en-julio\/\" \/>\n<meta property=\"og:site_name\" content=\"El Blog de la Costa del Sol\" \/>\n<meta property=\"article:published_time\" content=\"2025-05-14T09:48:23+00:00\" \/>\n<meta property=\"article:modified_time\" content=\"2025-06-10T08:24:25+00:00\" \/>\n<meta property=\"og:image\" content=\"https:\/\/www.alfrescostays.com\/blog\/wp-content\/uploads\/2025\/05\/julio-costa-del-sol.jpg\" \/>\n\t<meta property=\"og:image:width\" content=\"2121\" \/>\n\t<meta property=\"og:image:height\" content=\"707\" \/>\n\t<meta property=\"og:image:type\" content=\"image\/jpeg\" \/>\n<meta name=\"author\" content=\"digitalservices@avantio.com\" \/>\n<meta name=\"twitter:card\" content=\"summary_large_image\" \/>\n<meta name=\"twitter:label1\" content=\"Escrito por\" \/>\n\t<meta name=\"twitter:data1\" content=\"digitalservices@avantio.com\" \/>\n\t<meta name=\"twitter:label2\" content=\"Tiempo de lectura\" \/>\n\t<meta name=\"twitter:data2\" content=\"6 minutos\" \/>\n<script type=\"application\/ld+json\" class=\"yoast-schema-graph\">{\"@context\":\"https:\/\/schema.org\",\"@graph\":[{\"@type\":\"Article\",\"@id\":\"https:\/\/www.alfrescostays.com\/blog\/costa-del-sol-en-julio\/#article\",\"isPartOf\":{\"@id\":\"https:\/\/www.alfrescostays.com\/blog\/costa-del-sol-en-julio\/\"},\"author\":{\"name\":\"digitalservices@avantio.com\",\"@id\":\"https:\/\/www.alfrescostays.com\/blog\/#\/schema\/person\/57258ea6de6e977c7be225cbd8357b4e\"},\"headline\":\"Descubre la Costa del Sol en julio\",\"datePublished\":\"2025-05-14T09:48:23+00:00\",\"dateModified\":\"2025-06-10T08:24:25+00:00\",\"mainEntityOfPage\":{\"@id\":\"https:\/\/www.alfrescostays.com\/blog\/costa-del-sol-en-julio\/\"},\"wordCount\":1091,\"publisher\":{\"@id\":\"https:\/\/www.alfrescostays.com\/blog\/#organization\"},\"image\":{\"@id\":\"https:\/\/www.alfrescostays.com\/blog\/costa-del-sol-en-julio\/#primaryimage\"},\"thumbnailUrl\":\"https:\/\/www.alfrescostays.com\/blog\/wp-content\/uploads\/2025\/05\/julio-costa-del-sol.jpg\",\"articleSection\":[\"Costa del Sol\"],\"inLanguage\":\"es\"},{\"@type\":\"WebPage\",\"@id\":\"https:\/\/www.alfrescostays.com\/blog\/costa-del-sol-en-julio\/\",\"url\":\"https:\/\/www.alfrescostays.com\/blog\/costa-del-sol-en-julio\/\",\"name\":\"Descubre la Costa del Sol en julio - El Blog de la Costa del Sol\",\"isPartOf\":{\"@id\":\"https:\/\/www.alfrescostays.com\/blog\/#website\"},\"primaryImageOfPage\":{\"@id\":\"https:\/\/www.alfrescostays.com\/blog\/costa-del-sol-en-julio\/#primaryimage\"},\"image\":{\"@id\":\"https:\/\/www.alfrescostays.com\/blog\/costa-del-sol-en-julio\/#primaryimage\"},\"thumbnailUrl\":\"https:\/\/www.alfrescostays.com\/blog\/wp-content\/uploads\/2025\/05\/julio-costa-del-sol.jpg\",\"datePublished\":\"2025-05-14T09:48:23+00:00\",\"dateModified\":\"2025-06-10T08:24:25+00:00\",\"description\":\"Disfruta la Costa del Sol en julio: playas, clima espectacular y una vibrante vida nocturna. \u00a1Vive un verano inolvidable en el Mediterr\u00e1neo!\",\"breadcrumb\":{\"@id\":\"https:\/\/www.alfrescostays.com\/blog\/costa-del-sol-en-julio\/#breadcrumb\"},\"inLanguage\":\"es\",\"potentialAction\":[{\"@type\":\"ReadAction\",\"target\":[\"https:\/\/www.alfrescostays.com\/blog\/costa-del-sol-en-julio\/\"]}]},{\"@type\":\"ImageObject\",\"inLanguage\":\"es\",\"@id\":\"https:\/\/www.alfrescostays.com\/blog\/costa-del-sol-en-julio\/#primaryimage\",\"url\":\"https:\/\/www.alfrescostays.com\/blog\/wp-content\/uploads\/2025\/05\/julio-costa-del-sol.jpg\",\"contentUrl\":\"https:\/\/www.alfrescostays.com\/blog\/wp-content\/uploads\/2025\/05\/julio-costa-del-sol.jpg\",\"width\":2121,\"height\":707,\"caption\":\"Two girls tourist admiring great view of flowerpots on the white walls on famous Flower street in Andalusia\"},{\"@type\":\"BreadcrumbList\",\"@id\":\"https:\/\/www.alfrescostays.com\/blog\/costa-del-sol-en-julio\/#breadcrumb\",\"itemListElement\":[{\"@type\":\"ListItem\",\"position\":1,\"name\":\"Portada\",\"item\":\"https:\/\/www.alfrescostays.com\/blog\/\"},{\"@type\":\"ListItem\",\"position\":2,\"name\":\"Descubre la Costa del Sol en julio\"}]},{\"@type\":\"WebSite\",\"@id\":\"https:\/\/www.alfrescostays.com\/blog\/#website\",\"url\":\"https:\/\/www.alfrescostays.com\/blog\/\",\"name\":\"Alfresco Stays\",\"description\":\"Descubre los mejores lugares y consejos para planear tu escapada a la maravillosa Costa del Sol. \u00a1Ven a descubrir con Alfresco Stays el sur de Espa\u00f1a!\",\"publisher\":{\"@id\":\"https:\/\/www.alfrescostays.com\/blog\/#organization\"},\"potentialAction\":[{\"@type\":\"SearchAction\",\"target\":{\"@type\":\"EntryPoint\",\"urlTemplate\":\"https:\/\/www.alfrescostays.com\/blog\/?s={search_term_string}\"},\"query-input\":{\"@type\":\"PropertyValueSpecification\",\"valueRequired\":true,\"valueName\":\"search_term_string\"}}],\"inLanguage\":\"es\"},{\"@type\":\"Organization\",\"@id\":\"https:\/\/www.alfrescostays.com\/blog\/#organization\",\"name\":\"Alfresco Stays\",\"url\":\"https:\/\/www.alfrescostays.com\/blog\/\",\"logo\":{\"@type\":\"ImageObject\",\"inLanguage\":\"es\",\"@id\":\"https:\/\/www.alfrescostays.com\/blog\/#\/schema\/logo\/image\/\",\"url\":\"https:\/\/www.alfrescostays.com\/blog\/wp-content\/uploads\/2024\/04\/Favicon-2.png\",\"contentUrl\":\"https:\/\/www.alfrescostays.com\/blog\/wp-content\/uploads\/2024\/04\/Favicon-2.png\",\"width\":1080,\"height\":1080,\"caption\":\"Alfresco Stays\"},\"image\":{\"@id\":\"https:\/\/www.alfrescostays.com\/blog\/#\/schema\/logo\/image\/\"}},{\"@type\":\"Person\",\"@id\":\"https:\/\/www.alfrescostays.com\/blog\/#\/schema\/person\/57258ea6de6e977c7be225cbd8357b4e\",\"name\":\"digitalservices@avantio.com\",\"image\":{\"@type\":\"ImageObject\",\"inLanguage\":\"es\",\"@id\":\"https:\/\/www.alfrescostays.com\/blog\/#\/schema\/person\/image\/\",\"url\":\"https:\/\/secure.gravatar.com\/avatar\/af30f88a1904294c1f3eb09a9d7903eec4ffa18fa2cf40c28a8681014ecdfc20?s=96&d=mm&r=g\",\"contentUrl\":\"https:\/\/secure.gravatar.com\/avatar\/af30f88a1904294c1f3eb09a9d7903eec4ffa18fa2cf40c28a8681014ecdfc20?s=96&d=mm&r=g\",\"caption\":\"digitalservices@avantio.com\"},\"url\":\"https:\/\/www.alfrescostays.com\/blog\/author\/digitalservicesavantio-com\/\"}]}<\/script>\n<!-- \/ Yoast SEO plugin. -->","yoast_head_json":{"title":"Descubre la Costa del Sol en julio - El Blog de la Costa del Sol","description":"Disfruta la Costa del Sol en julio: playas, clima espectacular y una vibrante vida nocturna. \u00a1Vive un verano inolvidable en el Mediterr\u00e1neo!","robots":{"index":"index","follow":"follow","max-snippet":"max-snippet:-1","max-image-preview":"max-image-preview:large","max-video-preview":"max-video-preview:-1"},"canonical":"https:\/\/www.alfrescostays.com\/blog\/costa-del-sol-en-julio\/","og_locale":"es_ES","og_type":"article","og_title":"Descubre la Costa del Sol en julio - El Blog de la Costa del Sol","og_description":"Disfruta la Costa del Sol en julio: playas, clima espectacular y una vibrante vida nocturna. \u00a1Vive un verano inolvidable en el Mediterr\u00e1neo!","og_url":"https:\/\/www.alfrescostays.com\/blog\/costa-del-sol-en-julio\/","og_site_name":"El Blog de la Costa del Sol","article_published_time":"2025-05-14T09:48:23+00:00","article_modified_time":"2025-06-10T08:24:25+00:00","og_image":[{"width":2121,"height":707,"url":"https:\/\/www.alfrescostays.com\/blog\/wp-content\/uploads\/2025\/05\/julio-costa-del-sol.jpg","type":"image\/jpeg"}],"author":"digitalservices@avantio.com","twitter_card":"summary_large_image","twitter_misc":{"Escrito por":"digitalservices@avantio.com","Tiempo de lectura":"6 minutos"},"schema":{"@context":"https:\/\/schema.org","@graph":[{"@type":"Article","@id":"https:\/\/www.alfrescostays.com\/blog\/costa-del-sol-en-julio\/#article","isPartOf":{"@id":"https:\/\/www.alfrescostays.com\/blog\/costa-del-sol-en-julio\/"},"author":{"name":"digitalservices@avantio.com","@id":"https:\/\/www.alfrescostays.com\/blog\/#\/schema\/person\/57258ea6de6e977c7be225cbd8357b4e"},"headline":"Descubre la Costa del Sol en julio","datePublished":"2025-05-14T09:48:23+00:00","dateModified":"2025-06-10T08:24:25+00:00","mainEntityOfPage":{"@id":"https:\/\/www.alfrescostays.com\/blog\/costa-del-sol-en-julio\/"},"wordCount":1091,"publisher":{"@id":"https:\/\/www.alfrescostays.com\/blog\/#organization"},"image":{"@id":"https:\/\/www.alfrescostays.com\/blog\/costa-del-sol-en-julio\/#primaryimage"},"thumbnailUrl":"https:\/\/www.alfrescostays.com\/blog\/wp-content\/uploads\/2025\/05\/julio-costa-del-sol.jpg","articleSection":["Costa del Sol"],"inLanguage":"es"},{"@type":"WebPage","@id":"https:\/\/www.alfrescostays.com\/blog\/costa-del-sol-en-julio\/","url":"https:\/\/www.alfrescostays.com\/blog\/costa-del-sol-en-julio\/","name":"Descubre la Costa del Sol en julio - El Blog de la Costa del Sol","isPartOf":{"@id":"https:\/\/www.alfrescostays.com\/blog\/#website"},"primaryImageOfPage":{"@id":"https:\/\/www.alfrescostays.com\/blog\/costa-del-sol-en-julio\/#primaryimage"},"image":{"@id":"https:\/\/www.alfrescostays.com\/blog\/costa-del-sol-en-julio\/#primaryimage"},"thumbnailUrl":"https:\/\/www.alfrescostays.com\/blog\/wp-content\/uploads\/2025\/05\/julio-costa-del-sol.jpg","datePublished":"2025-05-14T09:48:23+00:00","dateModified":"2025-06-10T08:24:25+00:00","description":"Disfruta la Costa del Sol en julio: playas, clima espectacular y una vibrante vida nocturna. \u00a1Vive un verano inolvidable en el Mediterr\u00e1neo!","breadcrumb":{"@id":"https:\/\/www.alfrescostays.com\/blog\/costa-del-sol-en-julio\/#breadcrumb"},"inLanguage":"es","potentialAction":[{"@type":"ReadAction","target":["https:\/\/www.alfrescostays.com\/blog\/costa-del-sol-en-julio\/"]}]},{"@type":"ImageObject","inLanguage":"es","@id":"https:\/\/www.alfrescostays.com\/blog\/costa-del-sol-en-julio\/#primaryimage","url":"https:\/\/www.alfrescostays.com\/blog\/wp-content\/uploads\/2025\/05\/julio-costa-del-sol.jpg","contentUrl":"https:\/\/www.alfrescostays.com\/blog\/wp-content\/uploads\/2025\/05\/julio-costa-del-sol.jpg","width":2121,"height":707,"caption":"Two girls tourist admiring great view of flowerpots on the white walls on famous Flower street in Andalusia"},{"@type":"BreadcrumbList","@id":"https:\/\/www.alfrescostays.com\/blog\/costa-del-sol-en-julio\/#breadcrumb","itemListElement":[{"@type":"ListItem","position":1,"name":"Portada","item":"https:\/\/www.alfrescostays.com\/blog\/"},{"@type":"ListItem","position":2,"name":"Descubre la Costa del Sol en julio"}]},{"@type":"WebSite","@id":"https:\/\/www.alfrescostays.com\/blog\/#website","url":"https:\/\/www.alfrescostays.com\/blog\/","name":"Alfresco Stays","description":"Descubre los mejores lugares y consejos para planear tu escapada a la maravillosa Costa del Sol. \u00a1Ven a descubrir con Alfresco Stays el sur de Espa\u00f1a!","publisher":{"@id":"https:\/\/www.alfrescostays.com\/blog\/#organization"},"potentialAction":[{"@type":"SearchAction","target":{"@type":"EntryPoint","urlTemplate":"https:\/\/www.alfrescostays.com\/blog\/?s={search_term_string}"},"query-input":{"@type":"PropertyValueSpecification","valueRequired":true,"valueName":"search_term_string"}}],"inLanguage":"es"},{"@type":"Organization","@id":"https:\/\/www.alfrescostays.com\/blog\/#organization","name":"Alfresco Stays","url":"https:\/\/www.alfrescostays.com\/blog\/","logo":{"@type":"ImageObject","inLanguage":"es","@id":"https:\/\/www.alfrescostays.com\/blog\/#\/schema\/logo\/image\/","url":"https:\/\/www.alfrescostays.com\/blog\/wp-content\/uploads\/2024\/04\/Favicon-2.png","contentUrl":"https:\/\/www.alfrescostays.com\/blog\/wp-content\/uploads\/2024\/04\/Favicon-2.png","width":1080,"height":1080,"caption":"Alfresco Stays"},"image":{"@id":"https:\/\/www.alfrescostays.com\/blog\/#\/schema\/logo\/image\/"}},{"@type":"Person","@id":"https:\/\/www.alfrescostays.com\/blog\/#\/schema\/person\/57258ea6de6e977c7be225cbd8357b4e","name":"digitalservices@avantio.com","image":{"@type":"ImageObject","inLanguage":"es","@id":"https:\/\/www.alfrescostays.com\/blog\/#\/schema\/person\/image\/","url":"https:\/\/secure.gravatar.com\/avatar\/af30f88a1904294c1f3eb09a9d7903eec4ffa18fa2cf40c28a8681014ecdfc20?s=96&d=mm&r=g","contentUrl":"https:\/\/secure.gravatar.com\/avatar\/af30f88a1904294c1f3eb09a9d7903eec4ffa18fa2cf40c28a8681014ecdfc20?s=96&d=mm&r=g","caption":"digitalservices@avantio.com"},"url":"https:\/\/www.alfrescostays.com\/blog\/author\/digitalservicesavantio-com\/"}]}},"_links":{"self":[{"href":"https:\/\/www.alfrescostays.com\/blog\/wp-json\/wp\/v2\/posts\/3218","targetHints":{"allow":["GET"]}}],"collection":[{"href":"https:\/\/www.alfrescostays.com\/blog\/wp-json\/wp\/v2\/posts"}],"about":[{"href":"https:\/\/www.alfrescostays.com\/blog\/wp-json\/wp\/v2\/types\/post"}],"author":[{"embeddable":true,"href":"https:\/\/www.alfrescostays.com\/blog\/wp-json\/wp\/v2\/users\/3"}],"replies":[{"embeddable":true,"href":"https:\/\/www.alfrescostays.com\/blog\/wp-json\/wp\/v2\/comments?post=3218"}],"version-history":[{"count":13,"href":"https:\/\/www.alfrescostays.com\/blog\/wp-json\/wp\/v2\/posts\/3218\/revisions"}],"predecessor-version":[{"id":3507,"href":"https:\/\/www.alfrescostays.com\/blog\/wp-json\/wp\/v2\/posts\/3218\/revisions\/3507"}],"wp:featuredmedia":[{"embeddable":true,"href":"https:\/\/www.alfrescostays.com\/blog\/wp-json\/wp\/v2\/media\/3244"}],"wp:attachment":[{"href":"https:\/\/www.alfrescostays.com\/blog\/wp-json\/wp\/v2\/media?parent=3218"}],"wp:term":[{"taxonomy":"category","embeddable":true,"href":"https:\/\/www.alfrescostays.com\/blog\/wp-json\/wp\/v2\/categories?post=3218"},{"taxonomy":"post_tag","embeddable":true,"href":"https:\/\/www.alfrescostays.com\/blog\/wp-json\/wp\/v2\/tags?post=3218"}],"curies":[{"name":"wp","href":"https:\/\/api.w.org\/{rel}","templated":true}]}}